{"id":207038,"date":"2022-11-22T12:51:00","date_gmt":"2022-11-22T09:51:00","guid":{"rendered":"https:\/\/geek.mediadoma.com\/?p=207038"},"modified":"2022-11-22T12:55:44","modified_gmt":"2022-11-22T09:55:44","slug":"le-nouveau-concept-recharge-ev-de-volvo-nimite-pas-les-voitures-a-moteur-a-combustion","status":"publish","type":"post","link":"https:\/\/geek.mediadoma.com\/fr\/le-nouveau-concept-recharge-ev-de-volvo-nimite-pas-les-voitures-a-moteur-a-combustion\/","title":{"rendered":"Le nouveau concept Recharge EV de Volvo n&rsquo;imite pas les voitures \u00e0 moteur \u00e0 combustion"},"content":{"rendered":"<p><a href=\"https:\/\/redirect.viglink.com\/?key=204a528a336ede4177fff0d84a044482&amp;u=https%3A%2F%2Fwww.media.volvocars.com%2Fglobal%2Fen-gb%2Fmedia%2Fpressreleases%2F283548%2Fthe-volvo-concept-recharge-is-a-manifesto-for-volvo-cars-pure-electric-future\" target=\"_blank\" rel=\"noopener nofollow\" class=\"external external_icon\">VOLVO<\/a><\/p>\n<p>Volvo s&rsquo;est r\u00e9cemment engag\u00e9 dans <a href=\"https:\/\/geek.mediadoma.com\/fr\/volvo-ne-vendra-que-des-vehicules-electriques-dici-2030-car-il-se-tourne-vers-les-ventes-en-ligne-uniquement\/\" title=\"un avenir\">un avenir<\/a> enti\u00e8rement \u00e9lectrique, mais \u00e0 ce jour, toutes ses voitures \u00e9lectriques ont \u00e9t\u00e9 des refontes de mod\u00e8les de moteurs \u00e0 combustion existants. D\u00e9sormais, <a href=\"https:\/\/redirect.viglink.com\/?key=204a528a336ede4177fff0d84a044482&amp;u=https%3A%2F%2Fwww.media.volvocars.com%2Fglobal%2Fen-gb%2Fmedia%2Fpressreleases%2F283548%2Fthe-volvo-concept-recharge-is-a-manifesto-for-volvo-cars-pure-electric-future\" target=\"_blank\" rel=\"noopener nofollow\" class=\"external external_icon\">le nouveau Concept Recharge EV de Volvo<\/a> montre que ses futurs produits se d\u00e9marqueront du reste de sa gamme en abandonnant les &quot;\u00e9l\u00e9ments inutiles&quot; des voitures traditionnelles, comme la calandre.<\/p>\n<p>Le Concept Recharge EV n&rsquo;est bien s\u00fbr qu&rsquo;un concept-car. Mais cela donne aux gens (principalement aux investisseurs) une id\u00e9e de la direction que prendront les futurs v\u00e9hicules \u00e9lectriques Volvo, en particulier du point de vue de la conception. Le communiqu\u00e9 de presse de Volvo ne contient aucune information sur le kilom\u00e9trage ou l&rsquo;acc\u00e9l\u00e9ration, se concentrant enti\u00e8rement sur le style.<\/p>\n<p>Quelle est donc la particularit\u00e9 du design du Concept Recharge EV? Ext\u00e9rieurement, il est tr\u00e8s diff\u00e9rent des VUS traditionnels. L&rsquo;absence de moteur \u00e0 combustion interne permet \u00e0 Volvo d&rsquo;abandonner la calandre avant et d&rsquo;abaisser le capot du v\u00e9hicule. Un empattement allong\u00e9 accueille une grande batterie dans le plancher de la voiture, et comme le plancher est plat, Volvo peut contourner le toit de la voiture pour l&rsquo;a\u00e9rodynamisme sans compromettre le point de vue \u00e9lev\u00e9 dont b\u00e9n\u00e9ficient les autres VUS Volvo.<\/p>\n<p><a href=\"https:\/\/geek.mediadoma.com\/wp-content\/uploads\/2022\/03\/post-160606-623d665eba600.png\" data-rel=\"lightbox\"><img decoding=\"async\" class=\"SDStudio-light-box-enable SDStudio-editor-tools-md-imp\" src=\"https:\/\/geek.mediadoma.com\/wp-content\/uploads\/2022\/03\/post-160606-623d665eba600.png\" alt=\"Le nouveau concept Recharge EV de Volvo n&#039;imite pas les voitures \u00e0 moteur \u00e0 combustion\"><\/a><\/p>\n<p><a href=\"https:\/\/redirect.viglink.com\/?key=204a528a336ede4177fff0d84a044482&amp;u=https%3A%2F%2Fwww.media.volvocars.com%2Fglobal%2Fen-gb%2Fmedia%2Fpressreleases%2F283548%2Fphotos\" target=\"_blank\" rel=\"noopener nofollow\" class=\"external external_icon\">VOLVO<\/a><\/p>\n<p>L&rsquo;int\u00e9rieur de la voiture voit \u00e9galement plusieurs am\u00e9liorations. Non seulement les planchers sont plats, mais Volvo a plac\u00e9 un grand \u00e9cran tactile d&rsquo;infodivertissement de 15 pouces sur le tableau de bord de la voiture, ainsi qu&rsquo;un grand espace de rangement entre les si\u00e8ges avant. (Volvo compare cet int\u00e9rieur \u00e0 un &quot;salon su\u00e9dois&quot;, bien que je ne sois vraiment pas s\u00fbr de ce que cela signifie.)<\/p>\n<p>Une chose int\u00e9ressante \u00e0 propos du Concept Recharge EV est son capteur LiDAR int\u00e9gr\u00e9. Mont\u00e9 sur le toit de la voiture, ce capteur collecte des donn\u00e9es environnementales et sera \u00e9ventuellement utilis\u00e9 dans la technologie de conduite autonome s\u00fbre de Volvo. Bien s\u00fbr, cette technologie n&rsquo;existe pas encore, et il n&rsquo;y a aucune garantie qu&rsquo;elle se retrouvera bient\u00f4t dans les voitures Volvo.<\/p>\n<p>Source: <a href=\"https:\/\/redirect.viglink.com\/?key=204a528a336ede4177fff0d84a044482&amp;u=https%3A%2F%2Fwww.media.volvocars.com%2Fglobal%2Fen-gb%2Fmedia%2Fpressreleases%2F283548%2Fthe-volvo-concept-recharge-is-a-manifesto-for-volvo-cars-pure-electric-future\" target=\"_blank\" rel=\"noopener nofollow\" class=\"external external_icon\">Volvo<\/a> via <a href=\"https:\/\/www.engadget.com\/volvo-concept-recharge-ev-152846008.html\" target=\"_blank\" rel=\"noopener nofollow\" class=\"external external_icon\">Engadget<\/a><\/p>\n<p><div id=\"PostUnique_PostSource\" style=\"padding-top: 50px\">Source d&rsquo;enregistrement:  <a target=\"_blank\" rel=\"noopener nofollow\" href=\"\/\/www.reviewgeek.com\" class=\"external external_icon\">www.reviewgeek.com<\/a><\/div><\/p>\n","protected":false},"excerpt":{"rendered":"<p>Volvo s&rsquo;est r\u00e9cemment engag\u00e9 dans un avenir enti\u00e8rement \u00e9lectrique, mais \u00e0 ce jour, toutes ses voitures \u00e9lectriques ont \u00e9t\u00e9 des refontes de mod\u00e8les de moteurs \u00e0 combustion existants. D\u00e9sormais, le nouveau Concept Recharge EV de Volvo montre que ses futurs produits se d\u00e9marqueront du reste de sa gamme en abandonnant les \u00ab \u00e9l\u00e9ments inutiles \u00bb des voitures traditionnelles, comme la calandre.<\/p>\n","protected":false},"author":1,"featured_media":160607,"comment_status":"closed","ping_status":"closed","sticky":false,"template":"","format":"standard","meta":{"footnotes":"","_wp_rev_ctl_limit":""},"categories":[629,734,723],"tags":[],"class_list":["post-207038","post","type-post","status-publish","format-standard","has-post-thumbnail","hentry","category-voiture","category-divers","category-nouvelles"],"_links":{"self":[{"href":"https:\/\/geek.mediadoma.com\/fr\/wp-json\/wp\/v2\/posts\/207038","targetHints":{"allow":["GET"]}}],"collection":[{"href":"https:\/\/geek.mediadoma.com\/fr\/wp-json\/wp\/v2\/posts"}],"about":[{"href":"https:\/\/geek.mediadoma.com\/fr\/wp-json\/wp\/v2\/types\/post"}],"author":[{"embeddable":true,"href":"https:\/\/geek.mediadoma.com\/fr\/wp-json\/wp\/v2\/users\/1"}],"replies":[{"embeddable":true,"href":"https:\/\/geek.mediadoma.com\/fr\/wp-json\/wp\/v2\/comments?post=207038"}],"version-history":[{"count":0,"href":"https:\/\/geek.mediadoma.com\/fr\/wp-json\/wp\/v2\/posts\/207038\/revisions"}],"wp:featuredmedia":[{"embeddable":true,"href":"https:\/\/geek.mediadoma.com\/fr\/wp-json\/wp\/v2\/media\/160607"}],"wp:attachment":[{"href":"https:\/\/geek.mediadoma.com\/fr\/wp-json\/wp\/v2\/media?parent=207038"}],"wp:term":[{"taxonomy":"category","embeddable":true,"href":"https:\/\/geek.mediadoma.com\/fr\/wp-json\/wp\/v2\/categories?post=207038"},{"taxonomy":"post_tag","embeddable":true,"href":"https:\/\/geek.mediadoma.com\/fr\/wp-json\/wp\/v2\/tags?post=207038"}],"curies":[{"name":"wp","href":"https:\/\/api.w.org\/{rel}","templated":true}]}}